{"id":2034,"date":"2023-09-18T19:41:27","date_gmt":"2023-09-18T19:41:27","guid":{"rendered":"https:\/\/pluviometros.com\/?p=2034"},"modified":"2023-10-02T15:37:58","modified_gmt":"2023-10-02T15:37:58","slug":"pluviometros-san-isidro-amplia-su-canal-de-distribucion-junto-al-proyecto-ciat-en-honduras","status":"publish","type":"post","link":"https:\/\/pluviometros.com\/pt_br\/pluviometros-san-isidro-amplia-su-canal-de-distribucion-junto-al-proyecto-ciat-en-honduras\/","title":{"rendered":"San Isidro Rain Gauges amplia seu canal de distribui\u00e7\u00e3o junto com o Projeto CIAT em Honduras:"},"content":{"rendered":"<p>Os pluvi\u00f4metros s\u00e3o distribu\u00eddos em v\u00e1rios pontos da prov\u00edncia.<a href=\"https:\/\/www.launion.digital\/sociedad\/distribuyen-pluviometros-varios-puntos-provincia-n119014#\"><br><\/a><a href=\"https:\/\/www.launion.digital\/sociedad\/distribuyen-pluviometros-varios-puntos-provincia-n119014#\"><\/a><a href=\"https:\/\/www.launion.digital\/sociedad\/distribuyen-pluviometros-varios-puntos-provincia-n119014#\"><\/a><a href=\"https:\/\/www.launion.digital\/sociedad\/distribuyen-pluviometros-varios-puntos-provincia-n119014#\"><\/a>A Direc\u00e7\u00e3o da&nbsp;<strong>Brigada de Combate a Inc\u00eandios Florestais&nbsp;<\/strong>em conjunto com  militares da&nbsp;<strong>Defesa Civil&nbsp;<\/strong>distribu\u00edram&nbsp;<strong>pluvi\u00f3metros&nbsp;<\/strong>em pontos estrat\u00e9gicos para ampliar e divulgar a quantidade de precipita\u00e7\u00e3o na prov\u00edncia. Estes instrumentos de medi\u00e7\u00e3o foram doados no ano passado pelo Minist\u00e9rio das Ci\u00eancias e Inova\u00e7\u00e3o Tecnol\u00f3gica.<\/p>\n\n\n\n<p>Los mismos ya est\u00e1n instalados en Chumbicha (Capayan), Las Esquinas, (Valle Viejo), Valle Chico (Capital), Base de Defensa Civil (Capital), Santa Rosa (Valle Viejo), El Hueco y Pirquitas (Fray Mamerto Esquiu), El Rodeo (Ambato) y en los pr\u00f3ximos d\u00edas se har\u00e1 lo propio en Los Varela, Singuil, Las Chacritas (Ambato), Poman y Andalgala. Asimismo se inform\u00f3 que&nbsp;se est\u00e1n gestionando mas lugares donde particulares u organismos se hagan responsables del registro y cuidado del <strong>pluvi\u00f4metro .<\/strong>.<\/p>\n\n\n\n<p>Entretanto, e no \u00e2mbito destes novos instrumentos, foram registadas precipita\u00e7\u00f5es durante o fim de semana e j\u00e1 foi poss\u00edvel agregar os registos das esta\u00e7\u00f5es meteorol\u00f3gicas de organiza\u00e7\u00f5es e particulares que est\u00e3o na prov\u00edncia e estes foram os registos do fim de semana.<\/p>\n\n\n\n<p>\u2022 Las Juntas (Ambato): 47,1 mm (at\u00e9 \u00e0s 07h00)<\/p>\n\n\n\n<p>\u2022 El Rodeo (Ambato): 26,0 mm (at\u00e9 \u00e0s 09h00)<\/p>\n\n\n\n<p>\u2022 San Antonio de Paclin: 22,9 mm (at\u00e9 \u00e0s 07h00)<\/p>\n\n\n\n<p>\u2022 B\u00f1do Norte de Ovanta (Sta. Rosa): 19,1 mm (at\u00e9 \u00e0s 07h00)<\/p>\n\n\n\n<p>\u2022 Pirquitas (Fray Mamerto Esquiu)): 17,0 mm (at\u00e9 11h)<\/p>\n\n\n\n<p>\u2022 Aeroporto (Valle Viejo): 16,0 mm (at\u00e9 \u00e0s 09h00)<\/p>\n\n\n\n<p>\u2022 La Chacarita (Capital): 15,6 mm (at\u00e9 \u00e0s 07h00)<\/p>\n\n\n\n<p>\u2022 Defesa Civil (Capital): 11,0 mm (at\u00e9 10h)<\/p>\n\n\n\n<p>\u2022 Las Esquinas (Valle Viejo): 10,5 mm (at\u00e9 \u00e0s 10h00)<\/p>\n\n\n\n<p>\u2022 CAPE (Capital): 10,1 mm (At\u00e9 \u00e0s 07h00)<\/p>\n\n\n\n<p>\u2022 Santa Rosa (Valle Viejo): 10,0 mm (at\u00e9 \u00e0s 10h00)<\/p>\n\n\n\n<p>\u2022 El Hueco (Fray Mamerto Esquiu): 9,0 mm (at\u00e9 \u00e0s 07h00)<\/p>\n\n\n\n<p>\u2022 Colonia del Valle (Capayan): 7,0 mm (at\u00e9 \u00e0s 07h00)<\/p>\n\n\n\n<p>Nos pr\u00f3ximos dias e antes de cada registo, os Bombeiros divulgar\u00e3o a localiza\u00e7\u00e3o geogr\u00e1fica de cada <strong>pluviometro<\/strong> e do respons\u00e1vel pelos registos.<\/p>","protected":false},"excerpt":{"rendered":"<p>Se distribuyen pluvi\u00f3metros en varios puntos de la provincia.La Direcci\u00f3n de&nbsp;Brigada de Lucha Contra Incendios Forestales&nbsp;en conjunto con personal de&nbsp;Defensa Civil&nbsp;distribuyeron en puntos estrat\u00e9gicos&nbsp;pluvi\u00f3metros&nbsp;para ampliar y difundir la cantidad de precipitaciones en la provincia. Dichos instrumentos de medici\u00f3n fueron donados el a\u00f1o pasado por el Ministerio de Ciencias e Innovaci\u00f3n Tecnol\u00f3gica. Los mismos ya est\u00e1n [&hellip;]<\/p>","protected":false},"author":5,"featured_media":2084,"comment_status":"closed","ping_status":"closed","sticky":false,"template":"","format":"standard","meta":{"_eb_attr":"","om_disable_all_campaigns":false,"_mi_skip_tracking":false,"_monsterinsights_sitenote_active":false,"_monsterinsights_sitenote_note":"","_monsterinsights_sitenote_category":0,"footnotes":""},"categories":[1],"tags":[],"aioseo_notices":[],"_links":{"self":[{"href":"https:\/\/pluviometros.com\/pt_br\/wp-json\/wp\/v2\/posts\/2034"}],"collection":[{"href":"https:\/\/pluviometros.com\/pt_br\/wp-json\/wp\/v2\/posts"}],"about":[{"href":"https:\/\/pluviometros.com\/pt_br\/wp-json\/wp\/v2\/types\/post"}],"author":[{"embeddable":true,"href":"https:\/\/pluviometros.com\/pt_br\/wp-json\/wp\/v2\/users\/5"}],"replies":[{"embeddable":true,"href":"https:\/\/pluviometros.com\/pt_br\/wp-json\/wp\/v2\/comments?post=2034"}],"version-history":[{"count":5,"href":"https:\/\/pluviometros.com\/pt_br\/wp-json\/wp\/v2\/posts\/2034\/revisions"}],"predecessor-version":[{"id":2121,"href":"https:\/\/pluviometros.com\/pt_br\/wp-json\/wp\/v2\/posts\/2034\/revisions\/2121"}],"wp:featuredmedia":[{"embeddable":true,"href":"https:\/\/pluviometros.com\/pt_br\/wp-json\/wp\/v2\/media\/2084"}],"wp:attachment":[{"href":"https:\/\/pluviometros.com\/pt_br\/wp-json\/wp\/v2\/media?parent=2034"}],"wp:term":[{"taxonomy":"category","embeddable":true,"href":"https:\/\/pluviometros.com\/pt_br\/wp-json\/wp\/v2\/categories?post=2034"},{"taxonomy":"post_tag","embeddable":true,"href":"https:\/\/pluviometros.com\/pt_br\/wp-json\/wp\/v2\/tags?post=2034"}],"curies":[{"name":"wp","href":"https:\/\/api.w.org\/{rel}","templated":true}]}}